{"id":1227,"date":"2019-05-31T11:23:22","date_gmt":"2019-05-31T09:23:22","guid":{"rendered":"https:\/\/2019.projectspacefestival-berlin.com\/?p=1227"},"modified":"2019-06-04T16:57:32","modified_gmt":"2019-06-04T14:57:32","slug":"theuntraceable","status":"publish","type":"post","link":"https:\/\/2019.projectspacefestival-berlin.com\/de\/theuntraceable\/","title":{"rendered":"Notizen \u00fcber den unauffindbaren Raum"},"content":{"rendered":"<div id=\"pl-1227\"  class=\"panel-layout\" ><div id=\"pg-1227-0\"  class=\"panel-grid panel-no-style\" ><div id=\"pgc-1227-0-0\"  class=\"panel-grid-cell panel-grid-cell-empty\" ><\/div><div id=\"pgc-1227-0-1\"  class=\"panel-grid-cell panel-grid-cell-mobile-last\" ><div id=\"panel-1227-0-1-0\" class=\"so-panel widget widget_sow-editor panel-first-child panel-last-child\" data-index=\"0\" ><div class=\"so-widget-sow-editor so-widget-sow-editor-base\">\n<div class=\"siteorigin-widget-tinymce textwidget\">\n\t<p>Wenn man den Berliner S-Bahn-Ring, wie ein vom Himmel gefallenes Sternenbild betrachtet, ergibt die Konstellation aus dessen Bahnh\u00f6fen die Umrisslinien eines Gro\u00dfen Hundekopfes.<\/p>\n<p align=\"LEFT\">Der Verlauf des ersten Project Space Festival Tags l\u00e4sst sich von der Unterseite des gro\u00dfen Hundekopfes, \u00fcber seine Schnauze hinweg, hoch bis zu seiner Nasenspitze verfolgen, die sich zwischen der Station Westend und Jungfernheide befindet. Angekommen an seiner Stirn, dem Bahnhof Gesundbrunnen haben <a href=\"https:\/\/2019.projectspacefestival-berlin.com\/de\/urlaub-projects\/\" target=\"_blank\" rel=\"noopener\">Urlaub Projects<\/a> eine Abzweigung in den Humboldthain geplant. Der genaue Ort den die Gruppe dabei ansteuert, wird laufend <a href=\"https:\/\/www.facebook.com\/events\/450417492199540\/\" target=\"_blank\" rel=\"noopener\">hier<\/a> aktualisiert.<\/p>\n<p>___________<\/p>\n<h6><\/h6>\n<h6><\/h6>\n<p><i>Notizen \u00fcber den unauffindbaren Raum<\/i> ist eine Serie von Texten, die die flie\u00dfenden Denkbewegungen und vor\u00fcbergehenden Erkenntnisse, die im Rahmen von When the Hunger Starts \u2013 Project Space Festival Berlin 2019 entstehen, sichtbar machen m\u00f6chte.<\/p>\n<h6><\/h6>\n<\/p>\n<h6><\/h6>\n<h6><\/h6>\n<p>&nbsp;<\/p>\n<\/div>\n<\/div><\/div><\/div><div id=\"pgc-1227-0-2\"  class=\"panel-grid-cell panel-grid-cell-empty\" ><\/div><\/div><\/div>","protected":false},"excerpt":{"rendered":"<p>Wenn man den Berliner S-Bahn-Ring, wie ein vom Himmel gefallenes Sternenbild betrachtet, ergibt die Konstellation aus dessen Bahnh\u00f6fen die Umrisslinien eines Gro\u00dfen Hundekopfes. Der Verlauf des ersten Project Space Festival Tags l\u00e4sst sich von der Unterseite des gro\u00dfen Hundekopfes, \u00fcber seine<br \/><a class=\"post-read-more\" href=\"https:\/\/2019.projectspacefestival-berlin.com\/de\/theuntraceable\/\">&#9654;&#9654; Weiterlesen<\/a><\/p>\n","protected":false},"author":2,"featured_media":1260,"comment_status":"closed","ping_status":"closed","sticky":false,"template":"","format":"standard","meta":{"_mi_skip_tracking":false},"categories":[3],"tags":[],"acf":[],"_links":{"self":[{"href":"https:\/\/2019.projectspacefestival-berlin.com\/de\/wp-json\/wp\/v2\/posts\/1227"}],"collection":[{"href":"https:\/\/2019.projectspacefestival-berlin.com\/de\/wp-json\/wp\/v2\/posts"}],"about":[{"href":"https:\/\/2019.projectspacefestival-berlin.com\/de\/wp-json\/wp\/v2\/types\/post"}],"author":[{"embeddable":true,"href":"https:\/\/2019.projectspacefestival-berlin.com\/de\/wp-json\/wp\/v2\/users\/2"}],"replies":[{"embeddable":true,"href":"https:\/\/2019.projectspacefestival-berlin.com\/de\/wp-json\/wp\/v2\/comments?post=1227"}],"version-history":[{"count":38,"href":"https:\/\/2019.projectspacefestival-berlin.com\/de\/wp-json\/wp\/v2\/posts\/1227\/revisions"}],"predecessor-version":[{"id":1351,"href":"https:\/\/2019.projectspacefestival-berlin.com\/de\/wp-json\/wp\/v2\/posts\/1227\/revisions\/1351"}],"wp:featuredmedia":[{"embeddable":true,"href":"https:\/\/2019.projectspacefestival-berlin.com\/de\/wp-json\/wp\/v2\/media\/1260"}],"wp:attachment":[{"href":"https:\/\/2019.projectspacefestival-berlin.com\/de\/wp-json\/wp\/v2\/media?parent=1227"}],"wp:term":[{"taxonomy":"category","embeddable":true,"href":"https:\/\/2019.projectspacefestival-berlin.com\/de\/wp-json\/wp\/v2\/categories?post=1227"},{"taxonomy":"post_tag","embeddable":true,"href":"https:\/\/2019.projectspacefestival-berlin.com\/de\/wp-json\/wp\/v2\/tags?post=1227"}],"curies":[{"name":"wp","href":"https:\/\/api.w.org\/{rel}","templated":true}]}}