{"id":152,"date":"2019-05-05T10:36:28","date_gmt":"2019-05-05T08:36:28","guid":{"rendered":"http:\/\/psf.krajeciprkna.cz\/?p=152"},"modified":"2019-10-03T17:18:13","modified_gmt":"2019-10-03T15:18:13","slug":"urlaub-projects","status":"publish","type":"post","link":"https:\/\/2019.projectspacefestival-berlin.com\/de\/urlaub-projects\/","title":{"rendered":"SSS-Bahn"},"content":{"rendered":"<p>SSS-BAHN ist eine Erfahrung \u00fcber den K\u00f6rper im Transit, den K\u00f6rper in Bewegung, den Tanzk\u00f6rper, den unruhigen K\u00f6rper. Dies gilt f\u00fcr alle K\u00f6rper, die die Stadtlandschaft durchstreifen. Die Veranstaltung beginnt mit einem einfachen Akt des Pendelns durch die Stadt. In die S-Bahn steigen, uns auf dem Weg zum Outdoor-Club treffen. Die Reise wird von einer Lesegruppe unter der Leitung von Sonia Fern\u00e1ndez Pan begleitet, die uns in eine Techno-Beat-Session von DJ Manuela Mayoral f\u00fchrt.<\/p>\n<p>Urlaub Projects ist eine Kunstprojektplattform, die von den K\u00fcnstlern Alby Alamo und Mar\u00eda Le\u00f3n betrieben wird. Sie befindet sich derzeit im Industriegebiet in Wedding. Das Industriegebiet ist Teil des Instituts f\u00fcr Alles M\u00f6gliche.<\/p>\n<p><a href=\"http:\/\/www.urlaubprojects.com\" target=\"_blank\" rel=\"noopener noreferrer\">www.urlaubprojects.com<\/a><\/p>\n<p>&nbsp;<\/p>\n<p>Foto Doku : Timo Schl\u00fcter &amp; Hansa Wisskirchen (letzte 2 Doku Fotos)<\/p>","protected":false},"excerpt":{"rendered":"<p>SSS-BAHN ist eine Erfahrung \u00fcber den K\u00f6rper im Transit, den K\u00f6rper in Bewegung, den Tanzk\u00f6rper, den unruhigen K\u00f6rper. Dies gilt f\u00fcr alle K\u00f6rper, die die Stadtlandschaft durchstreifen. Die Veranstaltung beginnt mit einem einfachen Akt des Pendelns durch die Stadt. In die S-Bahn steigen, uns auf<br \/><a class=\"post-read-more\" href=\"https:\/\/2019.projectspacefestival-berlin.com\/de\/urlaub-projects\/\">&#9654;&#9654; Weiterlesen<\/a><\/p>\n","protected":false},"author":1,"featured_media":0,"comment_status":"closed","ping_status":"closed","sticky":false,"template":"","format":"standard","meta":{"_mi_skip_tracking":false},"categories":[4],"tags":[6],"acf":[],"_links":{"self":[{"href":"https:\/\/2019.projectspacefestival-berlin.com\/de\/wp-json\/wp\/v2\/posts\/152"}],"collection":[{"href":"https:\/\/2019.projectspacefestival-berlin.com\/de\/wp-json\/wp\/v2\/posts"}],"about":[{"href":"https:\/\/2019.projectspacefestival-berlin.com\/de\/wp-json\/wp\/v2\/types\/post"}],"author":[{"embeddable":true,"href":"https:\/\/2019.projectspacefestival-berlin.com\/de\/wp-json\/wp\/v2\/users\/1"}],"replies":[{"embeddable":true,"href":"https:\/\/2019.projectspacefestival-berlin.com\/de\/wp-json\/wp\/v2\/comments?post=152"}],"version-history":[{"count":26,"href":"https:\/\/2019.projectspacefestival-berlin.com\/de\/wp-json\/wp\/v2\/posts\/152\/revisions"}],"predecessor-version":[{"id":2796,"href":"https:\/\/2019.projectspacefestival-berlin.com\/de\/wp-json\/wp\/v2\/posts\/152\/revisions\/2796"}],"wp:attachment":[{"href":"https:\/\/2019.projectspacefestival-berlin.com\/de\/wp-json\/wp\/v2\/media?parent=152"}],"wp:term":[{"taxonomy":"category","embeddable":true,"href":"https:\/\/2019.projectspacefestival-berlin.com\/de\/wp-json\/wp\/v2\/categories?post=152"},{"taxonomy":"post_tag","embeddable":true,"href":"https:\/\/2019.projectspacefestival-berlin.com\/de\/wp-json\/wp\/v2\/tags?post=152"}],"curies":[{"name":"wp","href":"https:\/\/api.w.org\/{rel}","templated":true}]}}