{"id":623,"date":"2019-05-14T16:02:21","date_gmt":"2019-05-14T14:02:21","guid":{"rendered":"https:\/\/2019.projectspacefestival-berlin.com\/?p=623"},"modified":"2019-10-03T18:17:23","modified_gmt":"2019-10-03T16:17:23","slug":"state-of-the-art","status":"publish","type":"post","link":"https:\/\/2019.projectspacefestival-berlin.com\/de\/state-of-the-art\/","title":{"rendered":"Depending on Positions"},"content":{"rendered":"<p><\/p>\n<p class=\"Textbody\">Depending on Positions ist eine Augmented Reality Ausstellung von drei internationalen K\u00fcnstlern, die daran interessiert sind, ihre k\u00fcnstlerischen Wirkungsrahmen mit neuen Technologien zu kombinieren. Die Ausstellung findet ausschlie\u00dflich im Au\u00dfenraum statt und zeigt vier Arbeiten, die sich auf unterschiedliche Weise mit der virtuellen Welt besch\u00e4ftigen. Alle vier K\u00fcnstler*innen werden die Technologie der Augmented Reality f\u00fcr ihre Arbeiten nutzen, die dann \u00fcber das eigene tragbare Ger\u00e4t der Betrachter*innen erlebt werden k\u00f6nnen.<\/p>\n<p class=\"Textbody\">STATE OF THE ART BERLIN ist ein artist-run Space in Berlin Sch\u00f6neberg, der als Atelier mit h\u00e4ufig wechselnden Bewohner*innen und als Projektraum f\u00fcr Kunstveranstaltungen mit Schwerpunkt auf zeitbasierten Medien und Tech Art dient. Ziel ist es, ein Netzwerk zwischen progressiven K\u00fcnstler*innen, Kurator*innen und Kritiker*innen zu schaffen.<\/p>\n<p><a href=\"http:\/\/www.stateoftheartberlin.net\/\" target=\"_blank\" rel=\"noopener noreferrer\">www.stateoftheartberlin.net<\/a><br \/>\n<a href=\"https:\/\/www.instagram.com\/stateoftheartberlin\/\" target=\"_blank\" rel=\"noopener noreferrer\">@stateoftheartberlin<\/a><\/p>\n<p>&nbsp;<\/p>\n<p><strong>Barrierefreiheit:<\/strong><\/p>\n<p>Die Veranstaltung ist f\u00fcr <strong>alle<\/strong> gut zug\u00e4nglich, die ein iPhone 6s und h\u00f6her haben. Wer <strong>nicht oder wenig sehen<\/strong> kann, kann die digitalen Kunstwerke jedoch nicht erfahren.<\/p>\n<p>&nbsp;<\/p>\n<p>Foto Doku : <a href=\"https:\/\/billieclarken.com\/\" target=\"_blank\" rel=\"noopener noreferrer\">Billie Sara Clarken<\/a>, <a href=\"https:\/\/www.instagram.com\/billie_clarken\/?hl=de\" target=\"_blank\" rel=\"noopener noreferrer\">@billie_clarken<\/a><\/p>","protected":false},"excerpt":{"rendered":"<p>Depending on Positions ist eine Augmented Reality Ausstellung von drei internationalen K\u00fcnstlern, die daran interessiert sind, ihre k\u00fcnstlerischen Wirkungsrahmen mit neuen Technologien zu kombinieren. Die Ausstellung findet ausschlie\u00dflich im Au\u00dfenraum statt und zeigt vier Arbeiten, die sich auf unterschiedliche Weise<br \/><a class=\"post-read-more\" href=\"https:\/\/2019.projectspacefestival-berlin.com\/de\/state-of-the-art\/\">&#9654;&#9654; Weiterlesen<\/a><\/p>\n","protected":false},"author":2,"featured_media":0,"comment_status":"closed","ping_status":"closed","sticky":false,"template":"","format":"standard","meta":{"_mi_skip_tracking":false},"categories":[4],"tags":[9],"acf":[],"_links":{"self":[{"href":"https:\/\/2019.projectspacefestival-berlin.com\/de\/wp-json\/wp\/v2\/posts\/623"}],"collection":[{"href":"https:\/\/2019.projectspacefestival-berlin.com\/de\/wp-json\/wp\/v2\/posts"}],"about":[{"href":"https:\/\/2019.projectspacefestival-berlin.com\/de\/wp-json\/wp\/v2\/types\/post"}],"author":[{"embeddable":true,"href":"https:\/\/2019.projectspacefestival-berlin.com\/de\/wp-json\/wp\/v2\/users\/2"}],"replies":[{"embeddable":true,"href":"https:\/\/2019.projectspacefestival-berlin.com\/de\/wp-json\/wp\/v2\/comments?post=623"}],"version-history":[{"count":16,"href":"https:\/\/2019.projectspacefestival-berlin.com\/de\/wp-json\/wp\/v2\/posts\/623\/revisions"}],"predecessor-version":[{"id":2842,"href":"https:\/\/2019.projectspacefestival-berlin.com\/de\/wp-json\/wp\/v2\/posts\/623\/revisions\/2842"}],"wp:attachment":[{"href":"https:\/\/2019.projectspacefestival-berlin.com\/de\/wp-json\/wp\/v2\/media?parent=623"}],"wp:term":[{"taxonomy":"category","embeddable":true,"href":"https:\/\/2019.projectspacefestival-berlin.com\/de\/wp-json\/wp\/v2\/categories?post=623"},{"taxonomy":"post_tag","embeddable":true,"href":"https:\/\/2019.projectspacefestival-berlin.com\/de\/wp-json\/wp\/v2\/tags?post=623"}],"curies":[{"name":"wp","href":"https:\/\/api.w.org\/{rel}","templated":true}]}}