{"id":633,"date":"2019-05-15T09:54:08","date_gmt":"2019-05-15T07:54:08","guid":{"rendered":"https:\/\/2019.projectspacefestival-berlin.com\/?p=633"},"modified":"2019-10-03T17:26:58","modified_gmt":"2019-10-03T15:26:58","slug":"cave","status":"publish","type":"post","link":"https:\/\/2019.projectspacefestival-berlin.com\/de\/cave\/","title":{"rendered":"Quake"},"content":{"rendered":"<p>Beben<br \/>\n<em>Es wachte am Freitagabend auf, als die Erde bebte. Sein Herz zitterte wie alles andere. Etwas hat das ganze Geb\u00e4ude in Bewegung gesetzt. Am n\u00e4chsten Tag stellte sich heraus, dass es eine Kohlenhalde in einer nahegelegenen Mine gab. <\/em><br \/>\n<em>(\u2026.) <\/em><br \/>\n<em>Das Bewusstsein, dass es keine M\u00f6glichkeit gibt, sie zu retten, zu retten oder zu besch\u00fctzen, und sie wurde ein Teil von uns, war dann zum ersten Mal dabei.<\/em><br \/>\n<em>(\u2026) <\/em><br \/>\n<em>Schon damals war man sich dieser bestehenden Beziehung, dem Hybrid aus Leben und strengem Zusammenleben bewusst.<\/em><\/p>\n<p>2019 werden die K\u00fcnstler*innen, die Cave leiten (Barbara \u017b\u0142obi\u0144ska und Mariusz Ma\u015blanka) w\u00e4hrend des Project Space Festivals in Berlin ihre eigenen Kunstwerke, als Zusammenfassung der bisherigen Aktivit\u00e4ten der Galerie in Breslau, pr\u00e4sentieren.<\/p>\n<p>Die Cave Gallery wurde im Januar 2018 von den K\u00fcnstler*innen Barbara \u017b\u0142obi\u0144ska und Mariusz Ma\u015blanka gegr\u00fcndet. Die unter Wroc\u0142aw angesiedelte Non-Budget Initiative widmet sich der Forschung (unter Aspekten aktueller \u00e4sthetischer und theoretischer Fragestellungen) und dem Ausstellen und F\u00f6rdern junger zeitgen\u00f6ssischer Kunst. Das Ausstellungsprogramm der Galerie konzentriert sich auf neue Qualit\u00e4ten des unkonventionellen Ausstellens in ungew\u00f6hnlichen Situationen. Cave fungiert als Tracker f\u00fcr neue Methodologien des Kunstschaffens innerhalb einer jungen K\u00fcnstler*innengeneration. In den ersten Monaten ihrer T\u00e4tigkeit befand sich die Galerie in einer alten Garage im Vorort von Wroc\u0142aw, von wo aus sie im Oktober 2018 in die R\u00e4umlichkeiten des Artlokal-Studios verlegt wurde. Bislang hat Cave sieben Ausstellungen mit Werken herausragender polnischer und internationaler K\u00fcnstler*innen organisiert.<\/p>\n<p><a href=\"https:\/\/www.instagram.com\/cave_gallery\" target=\"_blank\" rel=\"noopener noreferrer\">@cave_gallery<\/a><br \/>\n<a href=\"https:\/\/www.facebook.com\/cavegallery\" target=\"_blank\" rel=\"noopener noreferrer\">https:\/\/www.facebook.com\/cavegallery<\/a><\/p>\n<p>&nbsp;<\/p>\n<p>Foto Doku : Mariusz Ma\u015blanka &amp; Barbara \u017b\u0142obi\u0144ska, Timo Schl\u00fcter (Aussenansicht)<\/p>","protected":false},"excerpt":{"rendered":"<p>Beben Es wachte am Freitagabend auf, als die Erde bebte. Sein Herz zitterte wie alles andere. Etwas hat das ganze Geb\u00e4ude in Bewegung gesetzt. Am n\u00e4chsten Tag stellte sich heraus, dass es eine Kohlenhalde in einer nahegelegenen Mine gab. (\u2026.)<br \/><a class=\"post-read-more\" href=\"https:\/\/2019.projectspacefestival-berlin.com\/de\/cave\/\">&#9654;&#9654; Weiterlesen<\/a><\/p>\n","protected":false},"author":2,"featured_media":0,"comment_status":"closed","ping_status":"closed","sticky":false,"template":"","format":"standard","meta":{"_mi_skip_tracking":false},"categories":[4],"tags":[12],"acf":[],"_links":{"self":[{"href":"https:\/\/2019.projectspacefestival-berlin.com\/de\/wp-json\/wp\/v2\/posts\/633"}],"collection":[{"href":"https:\/\/2019.projectspacefestival-berlin.com\/de\/wp-json\/wp\/v2\/posts"}],"about":[{"href":"https:\/\/2019.projectspacefestival-berlin.com\/de\/wp-json\/wp\/v2\/types\/post"}],"author":[{"embeddable":true,"href":"https:\/\/2019.projectspacefestival-berlin.com\/de\/wp-json\/wp\/v2\/users\/2"}],"replies":[{"embeddable":true,"href":"https:\/\/2019.projectspacefestival-berlin.com\/de\/wp-json\/wp\/v2\/comments?post=633"}],"version-history":[{"count":7,"href":"https:\/\/2019.projectspacefestival-berlin.com\/de\/wp-json\/wp\/v2\/posts\/633\/revisions"}],"predecessor-version":[{"id":2801,"href":"https:\/\/2019.projectspacefestival-berlin.com\/de\/wp-json\/wp\/v2\/posts\/633\/revisions\/2801"}],"wp:attachment":[{"href":"https:\/\/2019.projectspacefestival-berlin.com\/de\/wp-json\/wp\/v2\/media?parent=633"}],"wp:term":[{"taxonomy":"category","embeddable":true,"href":"https:\/\/2019.projectspacefestival-berlin.com\/de\/wp-json\/wp\/v2\/categories?post=633"},{"taxonomy":"post_tag","embeddable":true,"href":"https:\/\/2019.projectspacefestival-berlin.com\/de\/wp-json\/wp\/v2\/tags?post=633"}],"curies":[{"name":"wp","href":"https:\/\/api.w.org\/{rel}","templated":true}]}}