{"id":661,"date":"2019-05-15T11:32:41","date_gmt":"2019-05-15T09:32:41","guid":{"rendered":"https:\/\/2019.projectspacefestival-berlin.com\/?p=661"},"modified":"2019-10-03T18:12:56","modified_gmt":"2019-10-03T16:12:56","slug":"plusdede","status":"publish","type":"post","link":"https:\/\/2019.projectspacefestival-berlin.com\/de\/plusdede\/","title":{"rendered":"Rewilding the Memory"},"content":{"rendered":"<p>Der Begriff \u201eWiederverwilderung\u201c wird im Hinblick auf die Natur und mit dem Ziel verwendet, die Tierwelt wieder zur\u00fcck in die Naturr\u00e4ume zu bringen, die bisher von Menschen besetzt sind. Die Wissenschaft sagt Erinnerung ist nicht zu trauen. Die Performance-Serie wird untersuchen, was von der Wildnis unter der Bedingung der Menschheit \u00fcbrig geblieben ist, aber auch, was unser Ged\u00e4chtnis und unsere Wahrnehmung der Realit\u00e4t sagen.<br \/>\nSie kann als eine Evaluierung verstanden werden, was dies in Zeiten bedeuten kann, in denen viele Arten kurz vor dem Aussterben stehen. Wo positionieren wir uns heute, gefangen in neuen Medien, wo wir die nat\u00fcrliche Erfahrung des Geerdet-Seins suchen? Sind wir diejenigen, die \u201ewiederverwildert\u201c werden m\u00fcssen? Welche Rolle spielt unser Ged\u00e4chtnis? In Anbetracht dessen werden wir vorschlagen, keine Antworten oder Leitf\u00e4den vorzugeben, sondern zu hinterfragen.<br \/>\nEs geht nicht um die richtigen Antworten, sondern um die richtigen Fragen.<br \/>\nDie teilnehmenden K\u00fcnstler*innen werden eine Performance mit verschiedenen Medien entwickeln, die Ton, Licht und Video mit performativen Aspekten verbindet, indem sie ihre, mit dem im Raum verbundenen Gedanken und Inhalte austauschen, um sie zu einer Erfahrung zu verschmelzen. Als Katalysator fungierend wird sie den umgebenden Raum wiederverwildern.<br \/>\nDie Veranstaltung ist eine Performance-Nacht in den Spittelkolonnaden und dem umliegenden Marion-Gr\u00e4fin-D\u00f6nhoff-Platz.<\/p>\n<p>+DEDE ist eine Projektgalerie, die im Juni 2018 in Wedding, Berlin, begann. +DEDE repr\u00e4sentiert und unterst\u00fctzt die Arbeit junger K\u00fcnstler*innen durch Gruppenausstellungen, die Praktiken, Formate und Grenzen \u00fcberbr\u00fccken. Unser Ziel ist es, eine nachhaltige und flexible Plattform f\u00fcr von uns oder von Gastkurator*innen kuratierte Ausstellungen zu schaffen und eine dauerhafte Beziehung zu den K\u00fcnstler*innen aufzubauen, mit denen wir zusammenarbeiten.<br \/>\n+DEDE wird von Kurator Tristan Deschamps und dem K\u00fcnstler Flavio Degen geleitet.<\/p>\n<p><a href=\"https:\/\/www.plusdede.space\/\" target=\"_blank\" rel=\"noopener noreferrer\">www.plusdede.space<\/a><\/p>\n<p>&nbsp;<\/p>\n<p>Foto Doku : <a href=\"https:\/\/billieclarken.com\/\" target=\"_blank\" rel=\"noopener noreferrer\">Billie Sara Clarken<\/a>, <a href=\"https:\/\/www.instagram.com\/billie_clarken\/?hl=de\" target=\"_blank\" rel=\"noopener noreferrer\">@billie_clarken<\/a><\/p>","protected":false},"excerpt":{"rendered":"<p>Der Begriff \u201eWiederverwilderung\u201c wird im Hinblick auf die Natur und mit dem Ziel verwendet, die Tierwelt wieder zur\u00fcck in die Naturr\u00e4ume zu bringen, die bisher von Menschen besetzt sind. Die Wissenschaft sagt Erinnerung ist nicht zu trauen. Die Performance-Serie wird untersuchen, was von der Wildnis unter der Bedingung der Menschheit \u00fcbrig geblieben ist, aber<br \/><a class=\"post-read-more\" href=\"https:\/\/2019.projectspacefestival-berlin.com\/de\/plusdede\/\">&#9654;&#9654; Weiterlesen<\/a><\/p>\n","protected":false},"author":2,"featured_media":0,"comment_status":"closed","ping_status":"closed","sticky":false,"template":"","format":"standard","meta":{"_mi_skip_tracking":false},"categories":[4],"tags":[23],"acf":[],"_links":{"self":[{"href":"https:\/\/2019.projectspacefestival-berlin.com\/de\/wp-json\/wp\/v2\/posts\/661"}],"collection":[{"href":"https:\/\/2019.projectspacefestival-berlin.com\/de\/wp-json\/wp\/v2\/posts"}],"about":[{"href":"https:\/\/2019.projectspacefestival-berlin.com\/de\/wp-json\/wp\/v2\/types\/post"}],"author":[{"embeddable":true,"href":"https:\/\/2019.projectspacefestival-berlin.com\/de\/wp-json\/wp\/v2\/users\/2"}],"replies":[{"embeddable":true,"href":"https:\/\/2019.projectspacefestival-berlin.com\/de\/wp-json\/wp\/v2\/comments?post=661"}],"version-history":[{"count":6,"href":"https:\/\/2019.projectspacefestival-berlin.com\/de\/wp-json\/wp\/v2\/posts\/661\/revisions"}],"predecessor-version":[{"id":2835,"href":"https:\/\/2019.projectspacefestival-berlin.com\/de\/wp-json\/wp\/v2\/posts\/661\/revisions\/2835"}],"wp:attachment":[{"href":"https:\/\/2019.projectspacefestival-berlin.com\/de\/wp-json\/wp\/v2\/media?parent=661"}],"wp:term":[{"taxonomy":"category","embeddable":true,"href":"https:\/\/2019.projectspacefestival-berlin.com\/de\/wp-json\/wp\/v2\/categories?post=661"},{"taxonomy":"post_tag","embeddable":true,"href":"https:\/\/2019.projectspacefestival-berlin.com\/de\/wp-json\/wp\/v2\/tags?post=661"}],"curies":[{"name":"wp","href":"https:\/\/api.w.org\/{rel}","templated":true}]}}