{"id":667,"date":"2019-05-15T11:57:54","date_gmt":"2019-05-15T09:57:54","guid":{"rendered":"https:\/\/2019.projectspacefestival-berlin.com\/?p=667"},"modified":"2019-10-03T18:10:50","modified_gmt":"2019-10-03T16:10:50","slug":"storage-capacite","status":"publish","type":"post","link":"https:\/\/2019.projectspacefestival-berlin.com\/de\/storage-capacite\/","title":{"rendered":"KAP STRALAU &#8211; 52\u00b029\u00b419.9\u201dN 13\u00b028\u00b458.0\u201dE"},"content":{"rendered":"<p><\/p>\n<p class=\"Textbody\">Kap Stralau ist ein nasses und rutschiges Erlebnis direkt am Ufer der Spree in einem alten Amphitheater: Es gibt Boote, es gibt Fackeln, es gibt Fische, es gibt Wasser und Staub, und es gibt ein Raumkonzept, das von Storage Capacit\u00e9 in Zusammenarbeit mit dem Designkollektiv Pink Cloud entwickelt wurde. Dies ist der Ort und die Zeit, um eine einzigartige transmediale und operalische Inszenierung durch die lyrischen, performativen und musikalischen Positionen der K\u00fcnstler*innen Eric Keil, Gra\u017cyna Roguski und Johannes Grau zu starten.<\/p>\n<p class=\"Textbody\">Storage Capacit\u00e9 ist ein Ausstellungskonzept, das den Espace Trouv\u00e9 zelebriert und ortsspezifische On\/Off-Ausstellungen realisiert, die intim und streng fokussiert sind. Der Anspruch dabei ist, eine Verbindung zwischen einem internationalen Profil und einem ungebundenen k\u00fcnstlerisch gepr\u00e4gten Umfeld herzustellen. Das 2017 gegr\u00fcndete Storage Capacit\u00e9 entwickelte Einzel- und Gruppenprojekte mit den K\u00fcnstlern Bora Akinciturk, Hansen Bahia, Christian B\u00e4r, Paul Barsch, Vitaly Bezpalov, Judas Companion, David Czupryn, Janes Haid- Schmalenberg, Nschotschi Haslinger, Alex Paris Heilbron, Bernhard Holaschke, Tilman Hornig, Janosch Jauch, Botond Keresztesi und Manuel Schneidewind.<\/p>\n<p><a href=\"http:\/\/www.storagecapacite.eu\" target=\"_blank\" rel=\"noopener noreferrer\">www.storagecapacite.eu<\/a> , <a href=\"https:\/\/www.instagram.com\/storage_capacite\" target=\"_blank\" rel=\"noopener noreferrer\">@storage_capacite<\/a><br \/>\n<a href=\"http:\/\/www.johannesgrau.com\/\" target=\"_blank\" rel=\"noopener noreferrer\">www.johannesgrau.com<\/a> , <a href=\"https:\/\/www.instagram.com\/johannes_grau\/\" target=\"_blank\" rel=\"noopener noreferrer\">@johannes_grau<\/a><br \/>\n<a href=\"http:\/\/www.korbinian-verlag.de\/portfolio_page\/eric-keil\/\" target=\"_blank\" rel=\"noopener noreferrer\">www.korbinian-verlag.de\/portfolio_page\/eric-keil<\/a> , <a href=\"https:\/\/www.instagram.com\/livefromthehollowearth\/\" target=\"_blank\" rel=\"noopener noreferrer\">@livefromthehollowearth<\/a><br \/>\n<a href=\"http:\/\/www.grazynaroguski.com\/\" target=\"_blank\" rel=\"noopener noreferrer\">www.grazynaroguski.com<\/a> , <a href=\"https:\/\/www.instagram.com\/grazyna_laura\" target=\"_blank\" rel=\"noopener noreferrer\">@grazyna_laura<\/a><br \/>\n<a href=\"http:\/\/www.pinkcloud.dk\/\" target=\"_blank\" rel=\"noopener noreferrer\">www.pinkcloud.dk<\/a> , <a href=\"https:\/\/www.instagram.com\/pinkcloud.dk\/\" target=\"_blank\" rel=\"noopener noreferrer\">@pinkcloud.dk<\/a><\/p>\n<p>&nbsp;<\/p>\n<p>Foto Doku : <a href=\"https:\/\/billieclarken.com\/\" target=\"_blank\" rel=\"noopener noreferrer\">Billie Sara Clarken<\/a>, <a href=\"https:\/\/www.instagram.com\/billie_clarken\/?hl=de\" target=\"_blank\" rel=\"noopener noreferrer\">@billie_clarken<\/a><\/p>","protected":false},"excerpt":{"rendered":"<p>Kap Stralau ist ein nasses und rutschiges Erlebnis direkt am Ufer der Spree in einem alten Amphitheater: Es gibt Boote, es gibt Fackeln, es gibt Fische, es gibt Wasser und Staub, und es gibt ein Raumkonzept, das von Storage Capacit\u00e9 in Zusammenarbeit mit dem Designkollektiv Pink Cloud entwickelt wurde. Dies ist der Ort und die Zeit, um<br \/><a class=\"post-read-more\" href=\"https:\/\/2019.projectspacefestival-berlin.com\/de\/storage-capacite\/\">&#9654;&#9654; Weiterlesen<\/a><\/p>\n","protected":false},"author":2,"featured_media":0,"comment_status":"closed","ping_status":"closed","sticky":false,"template":"","format":"standard","meta":{"_mi_skip_tracking":false},"categories":[4],"tags":[26],"acf":[],"_links":{"self":[{"href":"https:\/\/2019.projectspacefestival-berlin.com\/de\/wp-json\/wp\/v2\/posts\/667"}],"collection":[{"href":"https:\/\/2019.projectspacefestival-berlin.com\/de\/wp-json\/wp\/v2\/posts"}],"about":[{"href":"https:\/\/2019.projectspacefestival-berlin.com\/de\/wp-json\/wp\/v2\/types\/post"}],"author":[{"embeddable":true,"href":"https:\/\/2019.projectspacefestival-berlin.com\/de\/wp-json\/wp\/v2\/users\/2"}],"replies":[{"embeddable":true,"href":"https:\/\/2019.projectspacefestival-berlin.com\/de\/wp-json\/wp\/v2\/comments?post=667"}],"version-history":[{"count":8,"href":"https:\/\/2019.projectspacefestival-berlin.com\/de\/wp-json\/wp\/v2\/posts\/667\/revisions"}],"predecessor-version":[{"id":2832,"href":"https:\/\/2019.projectspacefestival-berlin.com\/de\/wp-json\/wp\/v2\/posts\/667\/revisions\/2832"}],"wp:attachment":[{"href":"https:\/\/2019.projectspacefestival-berlin.com\/de\/wp-json\/wp\/v2\/media?parent=667"}],"wp:term":[{"taxonomy":"category","embeddable":true,"href":"https:\/\/2019.projectspacefestival-berlin.com\/de\/wp-json\/wp\/v2\/categories?post=667"},{"taxonomy":"post_tag","embeddable":true,"href":"https:\/\/2019.projectspacefestival-berlin.com\/de\/wp-json\/wp\/v2\/tags?post=667"}],"curies":[{"name":"wp","href":"https:\/\/api.w.org\/{rel}","templated":true}]}}