{"id":672,"date":"2019-05-15T12:13:06","date_gmt":"2019-05-15T10:13:06","guid":{"rendered":"https:\/\/2019.projectspacefestival-berlin.com\/?p=672"},"modified":"2019-10-03T18:09:43","modified_gmt":"2019-10-03T16:09:43","slug":"wtiintwin","status":"publish","type":"post","link":"https:\/\/2019.projectspacefestival-berlin.com\/de\/wtiintwin\/","title":{"rendered":"Vision"},"content":{"rendered":"<p>Nach den drei ersten Ausstellungen von when the image is new, the world is new auf dem ehemaligen G\u00fcterbahnhofsgel\u00e4nde in Neuk\u00f6lln, die sich vornehmlich mit dem spezifischen Ort, der aktuellen urbanen Situation dort und der Lage auseinander-setzten, wird Karen Winzer nun mit \u201eVision\u201c einen Ausblick in die Zukunft wagen.<br \/>\nSie bezieht dabei nicht nur das Pf\u00f6rtnerhaus und die Fl\u00e4che, auf dem es steht, ein, sondern auch die Perspektive der Anwohner*innen der Ringbahnstra\u00dfe. Das Bauvorhaben \u201eNeue Ringbahnh\u00f6fe&#8220;, das auf dem Gel\u00e4nde zwischen Karl-Marx-Stra\u00dfe und Hertabr\u00fccke in naher Zukunft entstehen wird, bedeutet f\u00fcr die hier lebenden Menschen einen vielschichtigen Einschnitt in ihre bisherige Wohnsituation. Nicht allein die Mieten werden sich ver\u00e4ndern, sondern auch Blickwinkel und -achsen, Licht-, Schatten- und Luftverh\u00e4ltnisse.<br \/>\nKann man all das vorab simulieren oder 1:1 visualisieren? Karen Winzer entwickelt hierzu verschiedene k\u00fcnstlerische und performative Modelle, die w\u00e4hrend der Er\u00f6ffnung und der Ausstellungsdauer von \u201eVision\u201c pr\u00e4sentiert werden.<\/p>\n<p>&#8222;Neue Ringbahnh\u00f6fe&#8220; hei\u00dft ein Entwicklungsgebiet, das zwischen Karl-Marx-Stra\u00dfe (S-Bahnhof Neuk\u00f6lln) und Hertabr\u00fccke auf dem 35.000 m2 gro\u00dfen Gel\u00e4nde (ca. sechs Fu\u00dfballfelder) des ehemaligen G\u00fcterbahnhofs Neuk\u00f6lln entstehen wird. Das tempor\u00e4re ortsspezifische Projekt <strong>when the image is new, the world is new<\/strong>, will Ansichten und Visionen vor diesem komplizierten und vielf\u00e4ltigen Transformationsprozess f\u00fcr die Nachbarschaft im Herzen von Neuk\u00f6lln k\u00fcnstlerisch untersuchen, kommentieren, diskutieren und gestalten.<\/p>\n<p><a href=\"http:\/\/whentheimageisnew.de\/\" target=\"_blank\" rel=\"noopener noreferrer\">www.whentheimageisnew.de<\/a> , <a href=\"https:\/\/www.instagram.com\/the_world_is_new\/\" target=\"_blank\" rel=\"noopener noreferrer\">@the_world_is_new<\/a>, <a href=\"http:\/\/www.facebook.com\/CNTRM-WRNHS-315671582264570\/\" target=\"_blank\" rel=\"noopener noreferrer\">http:\/\/www.facebook.com\/CNTRM-WRNHS-315671582264570\/<\/a><br \/>\n<a href=\"http:\/\/karenwinzer.de\/\" target=\"_blank\" rel=\"noopener noreferrer\">www.karenwinzer.de<\/a><\/p>\n<p>&nbsp;<\/p>\n<p>Foto Doku : <a href=\"https:\/\/billieclarken.com\/\" target=\"_blank\" rel=\"noopener noreferrer\">Billie Sara Clarken<\/a>, <a href=\"https:\/\/www.instagram.com\/billie_clarken\/?hl=de\" target=\"_blank\" rel=\"noopener noreferrer\">@billie_clarken<\/a><\/p>","protected":false},"excerpt":{"rendered":"<p>Nach den drei ersten Ausstellungen von when the image is new, the world is new auf dem ehemaligen G\u00fcterbahnhofsgel\u00e4nde in Neuk\u00f6lln, die sich vornehmlich mit dem spezifischen Ort, der aktuellen urbanen Situation dort und der Lage auseinander-setzten, wird Karen Winzer<br \/><a class=\"post-read-more\" href=\"https:\/\/2019.projectspacefestival-berlin.com\/de\/wtiintwin\/\">&#9654;&#9654; Weiterlesen<\/a><\/p>\n","protected":false},"author":2,"featured_media":0,"comment_status":"closed","ping_status":"closed","sticky":false,"template":"","format":"standard","meta":{"_mi_skip_tracking":false},"categories":[4],"tags":[36],"acf":[],"_links":{"self":[{"href":"https:\/\/2019.projectspacefestival-berlin.com\/de\/wp-json\/wp\/v2\/posts\/672"}],"collection":[{"href":"https:\/\/2019.projectspacefestival-berlin.com\/de\/wp-json\/wp\/v2\/posts"}],"about":[{"href":"https:\/\/2019.projectspacefestival-berlin.com\/de\/wp-json\/wp\/v2\/types\/post"}],"author":[{"embeddable":true,"href":"https:\/\/2019.projectspacefestival-berlin.com\/de\/wp-json\/wp\/v2\/users\/2"}],"replies":[{"embeddable":true,"href":"https:\/\/2019.projectspacefestival-berlin.com\/de\/wp-json\/wp\/v2\/comments?post=672"}],"version-history":[{"count":11,"href":"https:\/\/2019.projectspacefestival-berlin.com\/de\/wp-json\/wp\/v2\/posts\/672\/revisions"}],"predecessor-version":[{"id":2830,"href":"https:\/\/2019.projectspacefestival-berlin.com\/de\/wp-json\/wp\/v2\/posts\/672\/revisions\/2830"}],"wp:attachment":[{"href":"https:\/\/2019.projectspacefestival-berlin.com\/de\/wp-json\/wp\/v2\/media?parent=672"}],"wp:term":[{"taxonomy":"category","embeddable":true,"href":"https:\/\/2019.projectspacefestival-berlin.com\/de\/wp-json\/wp\/v2\/categories?post=672"},{"taxonomy":"post_tag","embeddable":true,"href":"https:\/\/2019.projectspacefestival-berlin.com\/de\/wp-json\/wp\/v2\/tags?post=672"}],"curies":[{"name":"wp","href":"https:\/\/api.w.org\/{rel}","templated":true}]}}