{"id":677,"date":"2019-05-15T12:28:11","date_gmt":"2019-05-15T10:28:11","guid":{"rendered":"https:\/\/2019.projectspacefestival-berlin.com\/?p=677"},"modified":"2019-10-03T18:08:27","modified_gmt":"2019-10-03T16:08:27","slug":"very","status":"publish","type":"post","link":"https:\/\/2019.projectspacefestival-berlin.com\/de\/very\/","title":{"rendered":"ING"},"content":{"rendered":"<p>Die Ausstellung und performative Begegnung FLOAT\/ING findet statt vom 20.-26. Juni im Projektraum Very. Entlang des Wortes Floating, das gleichzeitig als Akronym verstanden wird, wurden mehrere k\u00fcnstlerische Positionen eingeladen sich mit unterschiedlichen Aspekten und Assoziationen dieses Begriffs auseinanderzusetzen.<br \/>\nDer erste Teil des Projekts F L O A T wird vom 20. &#8211; 26. Juni in den R\u00e4umen von Very stattfinden.<br \/>\nAm 26. Juni verlagert <strong>I N G<\/strong> die Begegnung nach drau\u00dfen, ans Ufers des alten Fl\u00fcsschens und ehemaligen Abwasserkanals Panke in der N\u00e4he des Projektraums im Bezirk Gesundbrunnen.<\/p>\n<p>FLOAT\/ING wird organisiert von Aleksandra Bielas, Gislind K\u00f6hler &amp; Anna Zett<\/p>\n<p>Ablauf:<br \/>\n18:00 Ausstellung im Very Project Space<br \/>\n19:00 Johanna Ackva\u2019s Performance f\u00fchrt das Publikum zur Panke<br \/>\n20:00 Performances von Vincent Grunwald, Yala Juchmann &amp; Martin Kohout am Ufer der Panke<\/p>\n<p>Wir bitten um Ankunft vor 19 Uhr im Very<\/p>\n<p>F wie Fiktionen \/ Failure \/ Fantasm<br \/>\nL wie Leisure \/ Leidenschaft \/ Lust \/ Lungs \/ Lies<br \/>\nO wie Orientierung \/ Objekte \/ Observation \/ Ornament<br \/>\nA wie Ausstellung \/ Auseinandersetzung \/ Adventure \/ Alibi<br \/>\nT wie Text \/ Transzendental \/ Therapeutical \/ Tanz \/ Totem \/ T\u00e4uschung<br \/>\nI wie Irrgarten \/ Irritation \/ Inspiration \/ Intersection<br \/>\nN wie Narration \/ Nebeneinander \/ Neuanfang \/ Neutral \/ Nostalgic \/ Norm<br \/>\nG wie Glu\u0308ck \/ Gegensatz \/ Guilt \/ Gelegenheit \/ Give\/ Goodbye<\/p>\n<p>Very ist Kunstraum, Spielort, Experimentierfeld. In einer ehemaligen Kutschengarage in Berlin-Gesundbrunnen er\u00f6ffnete Very 2018 als kollektiver Versuch und tempor\u00e4re Stabilit\u00e4t. Die Projekte sind in Praxen und Formaten offen mit Tendenz zur Live-Begegnung.<\/p>\n<p><a href=\"https:\/\/www.facebook.com\/very.badstr66\/\" target=\"_blank\" rel=\"noopener noreferrer\">https:\/\/www.facebook.com\/very.badstr66\/<\/a><br \/>\n<a href=\"https:\/\/www.instagram.com\/very_project_space\/?hl=de\" target=\"_blank\" rel=\"noopener noreferrer\">@very_project_space<\/a><\/p>\n<p>&nbsp;<\/p>\n<p>Foto Doku : <a href=\"https:\/\/billieclarken.com\/\" target=\"_blank\" rel=\"noopener noreferrer\">Billie Sara Clarken<\/a>, <a href=\"https:\/\/www.instagram.com\/billie_clarken\/?hl=de\" target=\"_blank\" rel=\"noopener noreferrer\">@billie_clarken<\/a><\/p>","protected":false},"excerpt":{"rendered":"<p>Die Ausstellung und performative Begegnung FLOAT\/ING findet statt vom 20.-26. Juni im Projektraum Very. Entlang des Wortes Floating, das gleichzeitig als Akronym verstanden wird, wurden mehrere k\u00fcnstlerische Positionen eingeladen sich mit unterschiedlichen Aspekten und Assoziationen dieses Begriffs auseinanderzusetzen. Der erste Teil des Projekts F L O A T wird vom 20. &#8211; 26. Juni<br \/><a class=\"post-read-more\" href=\"https:\/\/2019.projectspacefestival-berlin.com\/de\/very\/\">&#9654;&#9654; Weiterlesen<\/a><\/p>\n","protected":false},"author":2,"featured_media":0,"comment_status":"closed","ping_status":"closed","sticky":false,"template":"","format":"standard","meta":{"_mi_skip_tracking":false},"categories":[4],"tags":[31],"acf":[],"_links":{"self":[{"href":"https:\/\/2019.projectspacefestival-berlin.com\/de\/wp-json\/wp\/v2\/posts\/677"}],"collection":[{"href":"https:\/\/2019.projectspacefestival-berlin.com\/de\/wp-json\/wp\/v2\/posts"}],"about":[{"href":"https:\/\/2019.projectspacefestival-berlin.com\/de\/wp-json\/wp\/v2\/types\/post"}],"author":[{"embeddable":true,"href":"https:\/\/2019.projectspacefestival-berlin.com\/de\/wp-json\/wp\/v2\/users\/2"}],"replies":[{"embeddable":true,"href":"https:\/\/2019.projectspacefestival-berlin.com\/de\/wp-json\/wp\/v2\/comments?post=677"}],"version-history":[{"count":8,"href":"https:\/\/2019.projectspacefestival-berlin.com\/de\/wp-json\/wp\/v2\/posts\/677\/revisions"}],"predecessor-version":[{"id":2828,"href":"https:\/\/2019.projectspacefestival-berlin.com\/de\/wp-json\/wp\/v2\/posts\/677\/revisions\/2828"}],"wp:attachment":[{"href":"https:\/\/2019.projectspacefestival-berlin.com\/de\/wp-json\/wp\/v2\/media?parent=677"}],"wp:term":[{"taxonomy":"category","embeddable":true,"href":"https:\/\/2019.projectspacefestival-berlin.com\/de\/wp-json\/wp\/v2\/categories?post=677"},{"taxonomy":"post_tag","embeddable":true,"href":"https:\/\/2019.projectspacefestival-berlin.com\/de\/wp-json\/wp\/v2\/tags?post=677"}],"curies":[{"name":"wp","href":"https:\/\/api.w.org\/{rel}","templated":true}]}}