{"id":633,"date":"2019-05-15T09:54:08","date_gmt":"2019-05-15T07:54:08","guid":{"rendered":"https:\/\/2019.projectspacefestival-berlin.com\/?p=633"},"modified":"2019-10-03T17:26:58","modified_gmt":"2019-10-03T15:26:58","slug":"cave","status":"publish","type":"post","link":"https:\/\/2019.projectspacefestival-berlin.com\/en\/cave\/","title":{"rendered":"Quake"},"content":{"rendered":"<p>Quake<br \/>\n<i>It woke up on Friday night when the earth quaked. Its heart was shaking like everything around. Something set the whole building in motion. The next day, it turned out that there was a coal bump in a nearby mine.<br \/>\n<\/i><i>(&#8230;)<br \/>\n<\/i><i>Awareness that there is no possibility to save her, rescue her or protect her, and she became a part of us, was with it then for the first time.<br \/>\n<\/i><i>(\u2026)<br \/>\n<\/i><i>Even then, it was fully aware of this existing relationship, the hybrid of life and strict coexistence.<\/i><\/p>\n<p>During the Project Space Festival, 2019 in Berlin the Cave leading artists (Barbara \u017b\u0142obi\u0144ska and Mariusz Ma\u015blanka) will present their own artworks, as a summary of the gallery&#8217;s so far activity in Wroclaw.<\/p>\n<p>The Cave gallery was founded in January 2018 by artists Barbara \u017b\u0142obi\u0144ska and Mariusz Ma\u015blanka. Located in Wroc\u0142aw, the non-budget initiative is dedicated to researching (in aspects of current aesthetic and theoretical issues), exhibiting and promoting young contemporary art. The exhibition program of the gallery is focused on finding new qualities of exhibiting art in unconventional ways and unusual situations. Cave acts as a tracker for emerging new methodologies of art creation inside a young generation of artists. During the first months of its activity, the gallery was located in an old garage in the suburbs of Wroc\u0142aw, from where in October 2018 it was moved to the space of the Artlokal studio.<br \/>\nUntil now Cave has held seven exhibitions presenting works of outstanding Polish and International artists.<\/p>\n<p><a href=\"https:\/\/www.instagram.com\/cave_gallery\" target=\"_blank\" rel=\"noopener noreferrer\">@cave_gallery<\/a><br \/>\n<a href=\"https:\/\/www.facebook.com\/cavegallery\" target=\"_blank\" rel=\"noopener noreferrer\">https:\/\/www.facebook.com\/cavegallery<\/a><\/p>\n<p>&nbsp;<\/p>\n<p>Foto Docu : Mariusz Ma\u015blanka &amp; Barbara \u017b\u0142obi\u0144ska, Timo Schl\u00fcter (Aussenansicht)<\/p>","protected":false},"excerpt":{"rendered":"<p>Quake It woke up on Friday night when the earth quaked. Its heart was shaking like everything around. Something set the whole building in motion. The next day, it turned out that there was a coal bump in a nearby mine. (&#8230;) Awareness that<br \/><a class=\"post-read-more\" href=\"https:\/\/2019.projectspacefestival-berlin.com\/en\/cave\/\">&#9654;&#9654; Read more<\/a><\/p>\n","protected":false},"author":2,"featured_media":0,"comment_status":"closed","ping_status":"closed","sticky":false,"template":"","format":"standard","meta":{"_mi_skip_tracking":false},"categories":[4],"tags":[12],"acf":[],"_links":{"self":[{"href":"https:\/\/2019.projectspacefestival-berlin.com\/en\/wp-json\/wp\/v2\/posts\/633"}],"collection":[{"href":"https:\/\/2019.projectspacefestival-berlin.com\/en\/wp-json\/wp\/v2\/posts"}],"about":[{"href":"https:\/\/2019.projectspacefestival-berlin.com\/en\/wp-json\/wp\/v2\/types\/post"}],"author":[{"embeddable":true,"href":"https:\/\/2019.projectspacefestival-berlin.com\/en\/wp-json\/wp\/v2\/users\/2"}],"replies":[{"embeddable":true,"href":"https:\/\/2019.projectspacefestival-berlin.com\/en\/wp-json\/wp\/v2\/comments?post=633"}],"version-history":[{"count":7,"href":"https:\/\/2019.projectspacefestival-berlin.com\/en\/wp-json\/wp\/v2\/posts\/633\/revisions"}],"predecessor-version":[{"id":2801,"href":"https:\/\/2019.projectspacefestival-berlin.com\/en\/wp-json\/wp\/v2\/posts\/633\/revisions\/2801"}],"wp:attachment":[{"href":"https:\/\/2019.projectspacefestival-berlin.com\/en\/wp-json\/wp\/v2\/media?parent=633"}],"wp:term":[{"taxonomy":"category","embeddable":true,"href":"https:\/\/2019.projectspacefestival-berlin.com\/en\/wp-json\/wp\/v2\/categories?post=633"},{"taxonomy":"post_tag","embeddable":true,"href":"https:\/\/2019.projectspacefestival-berlin.com\/en\/wp-json\/wp\/v2\/tags?post=633"}],"curies":[{"name":"wp","href":"https:\/\/api.w.org\/{rel}","templated":true}]}}