{"id":672,"date":"2019-05-15T12:13:06","date_gmt":"2019-05-15T10:13:06","guid":{"rendered":"https:\/\/2019.projectspacefestival-berlin.com\/?p=672"},"modified":"2019-10-03T18:09:43","modified_gmt":"2019-10-03T16:09:43","slug":"wtiintwin","status":"publish","type":"post","link":"https:\/\/2019.projectspacefestival-berlin.com\/en\/wtiintwin\/","title":{"rendered":"vision"},"content":{"rendered":"<p>After the first three exhibitions of when the image is new, the world is new on a former freight depot in Neuk\u00f6lln, which primarily dealt with the specific location and the current urban situation there, Karen Winzer now ventures into the future with her exhibition &#8220;Vision&#8221;.<br \/>\nThis doesn&#8217;t only include the guardhouse and the area on which it stands, but also the perspective of the residents of Ringbahnstra\u00dfe. The real estate project &#8220;Neue Ringbahnh\u00f6fe&#8221;, which will be built on this site between Karl-Marx-Strasse and Hertabr\u00fccke in the near future, represents a complex cut into the existing living situation for the residents. Not only the rents will change, but also the perspectives and axes, the light, shadow and air conditions.<br \/>\nCan one simulate all this in advance or visualize it 1:1? Karen Winzer develops various artistic and performative models that will be presented during the opening and the duration of &#8220;Vision&#8221;.<\/p>\n<p>&#8220;Neue Ringbahnh\u00f6fe&#8221; is the name of a development area that will be built between Karl-Marx-Stra\u00dfe (Neuk\u00f6lln S-Bahn station) and Hertabr\u00fccke on the 35,000 m2 ground (approximate to six football fields) of the former Neuk\u00f6lln freight station. The temporary site-specific project <b>when the image is new, the world is new<\/b>, wants to artistically examine, comment on, discuss and create views and visions in advance of this intricate and multifaceted transformation process for the neighborhood in the heart of Neuk\u00f6lln.<\/p>\n<p><a href=\"http:\/\/whentheimageisnew.de\/\" target=\"_blank\" rel=\"noopener noreferrer\">www.whentheimageisnew.de<\/a> , <a href=\"https:\/\/www.instagram.com\/the_world_is_new\/\" target=\"_blank\" rel=\"noopener noreferrer\">@the_world_is_new<\/a>, <a href=\"http:\/\/www.facebook.com\/CNTRM-WRNHS-315671582264570\/\" target=\"_blank\" rel=\"noopener noreferrer\">http:\/\/www.facebook.com\/CNTRM-WRNHS-315671582264570\/<\/a><br \/>\n<a href=\"http:\/\/karenwinzer.de\/\" target=\"_blank\" rel=\"noopener noreferrer\">www.karenwinzer.de<\/a><\/p>\n<p>&nbsp;<\/p>\n<p>Foto docu : <a href=\"https:\/\/billieclarken.com\/\" target=\"_blank\" rel=\"noopener noreferrer\">Billie Sara Clarken<\/a>, <a href=\"https:\/\/www.instagram.com\/billie_clarken\/?hl=de\" target=\"_blank\" rel=\"noopener noreferrer\">@billie_clarken<\/a><\/p>","protected":false},"excerpt":{"rendered":"<p>After the first three exhibitions of when the image is new, the world is new on a former freight depot in Neuk\u00f6lln, which primarily dealt with the specific location and the current urban situation there, Karen Winzer now ventures into the future with her exhibition &#8220;Vision&#8221;. This doesn&#8217;t only include the<br \/><a class=\"post-read-more\" href=\"https:\/\/2019.projectspacefestival-berlin.com\/en\/wtiintwin\/\">&#9654;&#9654; Read more<\/a><\/p>\n","protected":false},"author":2,"featured_media":0,"comment_status":"closed","ping_status":"closed","sticky":false,"template":"","format":"standard","meta":{"_mi_skip_tracking":false},"categories":[4],"tags":[36],"acf":[],"_links":{"self":[{"href":"https:\/\/2019.projectspacefestival-berlin.com\/en\/wp-json\/wp\/v2\/posts\/672"}],"collection":[{"href":"https:\/\/2019.projectspacefestival-berlin.com\/en\/wp-json\/wp\/v2\/posts"}],"about":[{"href":"https:\/\/2019.projectspacefestival-berlin.com\/en\/wp-json\/wp\/v2\/types\/post"}],"author":[{"embeddable":true,"href":"https:\/\/2019.projectspacefestival-berlin.com\/en\/wp-json\/wp\/v2\/users\/2"}],"replies":[{"embeddable":true,"href":"https:\/\/2019.projectspacefestival-berlin.com\/en\/wp-json\/wp\/v2\/comments?post=672"}],"version-history":[{"count":11,"href":"https:\/\/2019.projectspacefestival-berlin.com\/en\/wp-json\/wp\/v2\/posts\/672\/revisions"}],"predecessor-version":[{"id":2830,"href":"https:\/\/2019.projectspacefestival-berlin.com\/en\/wp-json\/wp\/v2\/posts\/672\/revisions\/2830"}],"wp:attachment":[{"href":"https:\/\/2019.projectspacefestival-berlin.com\/en\/wp-json\/wp\/v2\/media?parent=672"}],"wp:term":[{"taxonomy":"category","embeddable":true,"href":"https:\/\/2019.projectspacefestival-berlin.com\/en\/wp-json\/wp\/v2\/categories?post=672"},{"taxonomy":"post_tag","embeddable":true,"href":"https:\/\/2019.projectspacefestival-berlin.com\/en\/wp-json\/wp\/v2\/tags?post=672"}],"curies":[{"name":"wp","href":"https:\/\/api.w.org\/{rel}","templated":true}]}}